{"id":1449,"date":"2025-09-24T10:05:30","date_gmt":"2025-09-24T08:05:30","guid":{"rendered":"https:\/\/c14paris.com\/?p=1449"},"modified":"2025-09-24T10:05:48","modified_gmt":"2025-09-24T08:05:48","slug":"round-table-residences-experiences","status":"publish","type":"post","link":"https:\/\/c14paris.com\/en\/actualites\/table-ronde-residences-experiences\/","title":{"rendered":"Round table: experimental residences"},"content":{"rendered":"<p>Friday October 03 18:30-20:00, salle Gis\u00e8le Halimi (former tribunal de Paix) will be held a <strong>round table on artist residencies<\/strong>: <strong><em>Experiential residences&nbsp;<\/em><\/strong><br>With \u00c9milie Fargues for Fondation Bruckner (Switzerland), Fran\u00e7oise Seince for ENSAD Limoges (France) and Ludovic Recchia for Keramis (Belgium), and artists from C14 PARIS.<\/p>\n\n\n<style>.wp-block-kadence-advancedgallery .kb-gallery-type-grid.kb-gallery-id-1449_031e3c-a1{margin:-5px;}.kb-gallery-type-grid.kb-gallery-id-1449_031e3c-a1 .kadence-blocks-gallery-item{padding:5px;}.kb-gallery-id-1449_031e3c-a1 .kadence-blocks-gallery-item .kb-gal-image-radius, .kb-gallery-id-1449_031e3c-a1 .kb-slide-item .kb-gal-image-radius img{border-radius:0px 0px 0px 0px;;}<\/style><div class=\"kb-gallery-wrap-id-1449_031e3c-a1 alignnone wp-block-kadence-advancedgallery\"><ul class=\"kb-gallery-ul kb-gallery-non-static kb-gallery-type-grid kb-gallery-id-1449_031e3c-a1 kb-gallery-caption-style-bottom-hover kb-gallery-filter-none\" data-image-filter=\"none\" data-item-selector=\".kadence-blocks-gallery-item\" data-lightbox-caption=\"true\" data-columns-xxl=\"3\" data-columns-xl=\"3\" data-columns-md=\"3\" data-columns-sm=\"2\" data-columns-xs=\"1\" data-columns-ss=\"1\"><li class=\"kadence-blocks-gallery-item\" tabindex=\"0\"><div class=\"kadence-blocks-gallery-item-inner\"><figure class=\"kb-gallery-figure kadence-blocks-gallery-item-hide-caption\"><div class=\"kb-gal-image-radius\"><div class=\"kb-gallery-image-contain kadence-blocks-gallery-intrinsic kb-gallery-image-ratio-land32 kb-has-image-ratio-land32\" ><img loading=\"lazy\" decoding=\"async\" src=\"https:\/\/c14paris.com\/wp-content\/uploads\/sites\/9\/2025\/09\/prix-residence-fondation-bruckner-2-1024x640.jpg\" width=\"1024\" height=\"640\" alt=\"\" data-full-image=\"https:\/\/c14paris.com\/wp-content\/uploads\/sites\/9\/2025\/09\/prix-residence-fondation-bruckner-2.jpg\" data-light-image=\"https:\/\/c14paris.com\/wp-content\/uploads\/sites\/9\/2025\/09\/prix-residence-fondation-bruckner-2.jpg\" data-id=\"1445\" class=\"wp-image-1445\" srcset=\"https:\/\/c14paris.com\/wp-content\/uploads\/sites\/9\/2025\/09\/prix-residence-fondation-bruckner-2-1024x640.jpg 1024w, https:\/\/c14paris.com\/wp-content\/uploads\/sites\/9\/2025\/09\/prix-residence-fondation-bruckner-2-300x188.jpg 300w, https:\/\/c14paris.com\/wp-content\/uploads\/sites\/9\/2025\/09\/prix-residence-fondation-bruckner-2-768x480.jpg 768w, https:\/\/c14paris.com\/wp-content\/uploads\/sites\/9\/2025\/09\/prix-residence-fondation-bruckner-2-18x12.jpg 18w, https:\/\/c14paris.com\/wp-content\/uploads\/sites\/9\/2025\/09\/prix-residence-fondation-bruckner-2-1200x750.jpg 1200w, https:\/\/c14paris.com\/wp-content\/uploads\/sites\/9\/2025\/09\/prix-residence-fondation-bruckner-2.jpg 1280w\" sizes=\"auto, (max-width: 1024px) 100vw, 1024px\" \/><\/div><\/div><\/figure><\/div><\/li><li class=\"kadence-blocks-gallery-item\" tabindex=\"0\"><div class=\"kadence-blocks-gallery-item-inner\"><figure class=\"kb-gallery-figure kadence-blocks-gallery-item-hide-caption\"><div class=\"kb-gal-image-radius\"><div class=\"kb-gallery-image-contain kadence-blocks-gallery-intrinsic kb-gallery-image-ratio-land32 kb-has-image-ratio-land32\" ><img loading=\"lazy\" decoding=\"async\" src=\"https:\/\/c14paris.com\/wp-content\/uploads\/sites\/9\/2025\/09\/portraits-c14-Francoise-Seince-Limoges-1024x640.jpg\" width=\"1024\" height=\"640\" alt=\"\" data-full-image=\"https:\/\/c14paris.com\/wp-content\/uploads\/sites\/9\/2025\/09\/portraits-c14-Francoise-Seince-Limoges.jpg\" data-light-image=\"https:\/\/c14paris.com\/wp-content\/uploads\/sites\/9\/2025\/09\/portraits-c14-Francoise-Seince-Limoges.jpg\" data-id=\"1448\" class=\"wp-image-1448\" srcset=\"https:\/\/c14paris.com\/wp-content\/uploads\/sites\/9\/2025\/09\/portraits-c14-Francoise-Seince-Limoges-1024x640.jpg 1024w, https:\/\/c14paris.com\/wp-content\/uploads\/sites\/9\/2025\/09\/portraits-c14-Francoise-Seince-Limoges-300x188.jpg 300w, https:\/\/c14paris.com\/wp-content\/uploads\/sites\/9\/2025\/09\/portraits-c14-Francoise-Seince-Limoges-768x480.jpg 768w, https:\/\/c14paris.com\/wp-content\/uploads\/sites\/9\/2025\/09\/portraits-c14-Francoise-Seince-Limoges-18x12.jpg 18w, https:\/\/c14paris.com\/wp-content\/uploads\/sites\/9\/2025\/09\/portraits-c14-Francoise-Seince-Limoges-1200x750.jpg 1200w, https:\/\/c14paris.com\/wp-content\/uploads\/sites\/9\/2025\/09\/portraits-c14-Francoise-Seince-Limoges.jpg 1280w\" sizes=\"auto, (max-width: 1024px) 100vw, 1024px\" \/><\/div><\/div><\/figure><\/div><\/li><li class=\"kadence-blocks-gallery-item\" tabindex=\"0\"><div class=\"kadence-blocks-gallery-item-inner\"><figure class=\"kb-gallery-figure kadence-blocks-gallery-item-hide-caption\"><div class=\"kb-gal-image-radius\"><div class=\"kb-gallery-image-contain kadence-blocks-gallery-intrinsic kb-gallery-image-ratio-land32 kb-has-image-ratio-land32\" ><img loading=\"lazy\" decoding=\"async\" src=\"https:\/\/c14paris.com\/wp-content\/uploads\/sites\/9\/2025\/09\/prix-residence-kerams-1024x640.jpg\" width=\"1024\" height=\"640\" alt=\"\" data-full-image=\"https:\/\/c14paris.com\/wp-content\/uploads\/sites\/9\/2025\/09\/prix-residence-kerams.jpg\" data-light-image=\"https:\/\/c14paris.com\/wp-content\/uploads\/sites\/9\/2025\/09\/prix-residence-kerams.jpg\" data-id=\"1446\" class=\"wp-image-1446\" srcset=\"https:\/\/c14paris.com\/wp-content\/uploads\/sites\/9\/2025\/09\/prix-residence-kerams-1024x640.jpg 1024w, https:\/\/c14paris.com\/wp-content\/uploads\/sites\/9\/2025\/09\/prix-residence-kerams-300x188.jpg 300w, https:\/\/c14paris.com\/wp-content\/uploads\/sites\/9\/2025\/09\/prix-residence-kerams-768x480.jpg 768w, https:\/\/c14paris.com\/wp-content\/uploads\/sites\/9\/2025\/09\/prix-residence-kerams-18x12.jpg 18w, https:\/\/c14paris.com\/wp-content\/uploads\/sites\/9\/2025\/09\/prix-residence-kerams-1200x750.jpg 1200w, https:\/\/c14paris.com\/wp-content\/uploads\/sites\/9\/2025\/09\/prix-residence-kerams.jpg 1280w\" sizes=\"auto, (max-width: 1024px) 100vw, 1024px\" \/><\/div><\/div><\/figure><\/div><\/li><\/ul><\/div>","protected":false},"excerpt":{"rendered":"<p>Friday October 03 18:30-20:00, salle Gis\u00e8le Halimi (former tribunal de Paix) will host a round-table discussion on artists' residencies: R\u00e9sidences exp\u00e9riences With \u00c9milie Fargues for Fondation Bruckner (Switzerland), Fran\u00e7oise Seince for ENSAD de Limoges (France) and Ludovic Recchia for Keramis (Belgium), and artists from C14 PARIS.<\/p>","protected":false},"author":2,"featured_media":1452,"comment_status":"closed","ping_status":"closed","sticky":false,"template":"","format":"standard","meta":{"_acf_changed":false,"_kad_blocks_custom_css":"","_kad_blocks_head_custom_js":"","_kad_blocks_body_custom_js":"","_kad_blocks_footer_custom_js":"","_kad_post_transparent":"","_kad_post_title":"","_kad_post_layout":"","_kad_post_sidebar_id":"","_kad_post_content_style":"","_kad_post_vertical_padding":"","_kad_post_feature":"","_kad_post_feature_position":"","_kad_post_header":false,"_kad_post_footer":false,"_kad_post_classname":"","footnotes":""},"categories":[37],"tags":[],"class_list":["post-1449","post","type-post","status-publish","format-standard","has-post-thumbnail","hentry","category-actualites"],"acf":[],"taxonomy_info":{"category":[{"value":37,"label":"Actualit\u00e9s"}]},"featured_image_src_large":["https:\/\/c14paris.com\/wp-content\/uploads\/sites\/9\/2025\/09\/publication-c14-819x1024.jpg",819,1024,true],"author_info":{"display_name":"manon","author_link":"https:\/\/c14paris.com\/en\/author\/manon\/"},"comment_info":"","category_info":[{"term_id":37,"name":"Actualit\u00e9s","slug":"actualites","term_group":0,"term_taxonomy_id":37,"taxonomy":"category","description":"","parent":0,"count":4,"filter":"raw","cat_ID":37,"category_count":4,"category_description":"","cat_name":"Actualit\u00e9s","category_nicename":"actualites","category_parent":0}],"tag_info":false,"_links":{"self":[{"href":"https:\/\/c14paris.com\/en\/wp-json\/wp\/v2\/posts\/1449","targetHints":{"allow":["GET"]}}],"collection":[{"href":"https:\/\/c14paris.com\/en\/wp-json\/wp\/v2\/posts"}],"about":[{"href":"https:\/\/c14paris.com\/en\/wp-json\/wp\/v2\/types\/post"}],"author":[{"embeddable":true,"href":"https:\/\/c14paris.com\/en\/wp-json\/wp\/v2\/users\/2"}],"replies":[{"embeddable":true,"href":"https:\/\/c14paris.com\/en\/wp-json\/wp\/v2\/comments?post=1449"}],"version-history":[{"count":0,"href":"https:\/\/c14paris.com\/en\/wp-json\/wp\/v2\/posts\/1449\/revisions"}],"wp:featuredmedia":[{"embeddable":true,"href":"https:\/\/c14paris.com\/en\/wp-json\/wp\/v2\/media\/1452"}],"wp:attachment":[{"href":"https:\/\/c14paris.com\/en\/wp-json\/wp\/v2\/media?parent=1449"}],"wp:term":[{"taxonomy":"category","embeddable":true,"href":"https:\/\/c14paris.com\/en\/wp-json\/wp\/v2\/categories?post=1449"},{"taxonomy":"post_tag","embeddable":true,"href":"https:\/\/c14paris.com\/en\/wp-json\/wp\/v2\/tags?post=1449"}],"curies":[{"name":"wp","href":"https:\/\/api.w.org\/{rel}","templated":true}]}}